{"id":211,"date":"2023-07-16T15:25:47","date_gmt":"2023-07-16T15:25:47","guid":{"rendered":"http:\/\/trips.dev.wmsdev.pl\/?p=211"},"modified":"2023-07-16T15:25:47","modified_gmt":"2023-07-16T15:25:47","slug":"7-dni-w-palma-de-mallorca-za-3530-zl-na-osobe","status":"publish","type":"post","link":"https:\/\/trips.dev.wmsdev.pl\/?p=211","title":{"rendered":"7 dni w Palma de Mallorca za 3530 z\u0142 na osob\u0119!"},"content":{"rendered":"<p>Proponujemy Ci fantastyczn\u0105 wycieczk\u0119 do Palma de Mallorca z wylotem z WAW<\/p>\n<p>Nasz kraj opu\u015bcisz lotem WAW &#8211; PMI lini\u0105 Wizz Air w dniu 22.08.2023, a wr\u00f3cisz lotem PMI &#8211; WAW lini\u0105 Wizz Air w dniu 29.08.2023<br \/>\nZa loty zap\u0142acisz jedyne 1098 z\u0142 za osob\u0119!<\/p>\n<p>Jako hotel proponujemy Ci <b>Hotel Amic Horizonte<\/b>. To wyj\u0105tkowy hotel oceniany na 7,20 przez 4096 u\u017cytkownik\u00f3w.<br \/>\nHotel zarezerwujesz klikaj\u0105c <a href=\"https:\/\/www.booking.com\/hotel\/es\/horizonte.pl.html?aid=304142&#038;label=gen173nr-1FCAQoggJCGHNlYXJjaF9wYWxtYSBkZSBtYWxsb3JjYUgeWARotgGIAQKYAR64AQnIARHYAQHoAQH4AQOIAgGoAgO4AvGX0KUGwAIB0gIkZjcxMGJkMzctZjVlMy00NDBkLWJjMjAtODQyYjZmYTk5Yjc02AIF4AIB&#038;ucfs=1&#038;arphpl=1&#038;checkin=2023-08-22&#038;checkout=2023-08-29&#038;group_adults=2&#038;req_adults=2&#038;no_rooms=1&#038;group_children=0&#038;req_children=0&#038;hpos=2&#038;hapos=2&#038;sr_order=price&#038;nflt=roomfacility%3D38%3Bht_id%3D201%3Bht_id%3D204%3Bht_id%3D216%3Bht_id%3D222%3Bht_id%3D208%3Bht_id%3D220&#038;srpvid=b4106c78674e024a&#038;srepoch=1689521138&#038;all_sr_blocks=9028032_124341616_0_34_0&#038;highlighted_blocks=9028032_124341616_0_34_0&#038;matching_block_id=9028032_124341616_0_34_0&#038;sr_pri_blocks=9028032_124341616_0_34_0__109156&#038;from_sustainable_property_sr=1\">tutaj<\/a><\/p>\n<p>Ca\u0142kowity koszt tej przygody to jedyne 7061 z\u0142. Cena nie zawiera transfer\u00f3w<\/p>\n<p>\u017byczymy udanej podr\u00f3\u017cy!<\/p>\n","protected":false},"excerpt":{"rendered":"<p>Proponujemy Ci fantastyczn\u0105 wycieczk\u0119 do Palma de Mallorca z wylotem z WAW Nasz kraj opu\u015bcisz lotem WAW &#8211; PMI lini\u0105 Wizz Air w dniu 22.08.2023, a wr\u00f3cisz lotem PMI &#8211; WAW lini\u0105 Wizz Air w dniu 29.08.2023 Za loty zap\u0142acisz jedyne 1098 z\u0142 za osob\u0119! Jako hotel proponujemy Ci Hotel Amic Horizonte. To wyj\u0105tkowy hotel&hellip;&nbsp;<a href=\"https:\/\/trips.dev.wmsdev.pl\/?p=211\" class=\"\" rel=\"bookmark\">Read More &raquo;<span class=\"screen-reader-text\">7 dni w Palma de Mallorca za 3530 z\u0142 na osob\u0119!<\/span><\/a><\/p>\n","protected":false},"author":2,"featured_media":180,"comment_status":"open","ping_status":"open","sticky":false,"template":"","format":"standard","meta":{"neve_meta_sidebar":"","neve_meta_container":"","neve_meta_enable_content_width":"","neve_meta_content_width":0,"neve_meta_title_alignment":"","neve_meta_author_avatar":"","neve_post_elements_order":"","neve_meta_disable_header":"","neve_meta_disable_footer":"","neve_meta_disable_title":"","footnotes":""},"categories":[],"tags":[],"_links":{"self":[{"href":"https:\/\/trips.dev.wmsdev.pl\/index.php?rest_route=\/wp\/v2\/posts\/211"}],"collection":[{"href":"https:\/\/trips.dev.wmsdev.pl\/index.php?rest_route=\/wp\/v2\/posts"}],"about":[{"href":"https:\/\/trips.dev.wmsdev.pl\/index.php?rest_route=\/wp\/v2\/types\/post"}],"author":[{"embeddable":true,"href":"https:\/\/trips.dev.wmsdev.pl\/index.php?rest_route=\/wp\/v2\/users\/2"}],"replies":[{"embeddable":true,"href":"https:\/\/trips.dev.wmsdev.pl\/index.php?rest_route=%2Fwp%2Fv2%2Fcomments&post=211"}],"version-history":[{"count":0,"href":"https:\/\/trips.dev.wmsdev.pl\/index.php?rest_route=\/wp\/v2\/posts\/211\/revisions"}],"wp:featuredmedia":[{"embeddable":true,"href":"https:\/\/trips.dev.wmsdev.pl\/index.php?rest_route=\/wp\/v2\/media\/180"}],"wp:attachment":[{"href":"https:\/\/trips.dev.wmsdev.pl\/index.php?rest_route=%2Fwp%2Fv2%2Fmedia&parent=211"}],"wp:term":[{"taxonomy":"category","embeddable":true,"href":"https:\/\/trips.dev.wmsdev.pl\/index.php?rest_route=%2Fwp%2Fv2%2Fcategories&post=211"},{"taxonomy":"post_tag","embeddable":true,"href":"https:\/\/trips.dev.wmsdev.pl\/index.php?rest_route=%2Fwp%2Fv2%2Ftags&post=211"}],"curies":[{"name":"wp","href":"https:\/\/api.w.org\/{rel}","templated":true}]}}