{"id":45,"date":"2023-07-16T12:52:50","date_gmt":"2023-07-16T12:52:50","guid":{"rendered":"https:\/\/trips.dev.wmsdev.pl\/?p=45"},"modified":"2023-07-16T12:52:50","modified_gmt":"2023-07-16T12:52:50","slug":"6-dni-w-bruksela-za-997-zl-na-osobe","status":"publish","type":"post","link":"https:\/\/trips.dev.wmsdev.pl\/?p=45","title":{"rendered":"6 dni w Bruksela za 997 z\u0142 na osob\u0119!"},"content":{"rendered":"<p>Proponujemy Ci fantastyczn\u0105 wycieczk\u0119 do Bruksela z wylotem z WAW<\/p>\n<p>Nasz kraj opu\u015bcisz lotem WAW &#8211; CRL lini\u0105 Wizz Air w dniu 18.09.2023, a wr\u00f3cisz lotem CRL &#8211; WAW lini\u0105 Wizz Air w dniu 24.09.2023<br \/>\nZa loty zap\u0142acisz jedyne 308.0 za osob\u0119!<\/p>\n<p>Jako hotel proponujemy Ci <b>Private Studio Brussels Airport<\/b>. To wyj\u0105tkowy hotel oceniany na 7,20 przez 429 u\u017cytkownik\u00f3w.<br \/>\nHotel zarezerwujesz klikaj\u0105c <a href=\"https:\/\/www.booking.com\/hotel\/be\/private-studio-brussels-airport.pl.html?aid=304142&#038;label=gen173nr-1FCAQoggJCD3NlYXJjaF9icnVrc2VsYUgeWARotgGIAQKYAR64AQnIARHYAQHoAQH4AQOIAgGoAgO4AqDQz6UGwAIB0gIkYWVmODM4ODUtOWU5OS00MzExLTlmODgtN2FhYmVkZjVjMzVi2AIF4AIB&#038;ucfs=1&#038;arphpl=1&#038;checkin=2023-09-18&#038;checkout=2023-09-24&#038;group_adults=2&#038;req_adults=2&#038;no_rooms=1&#038;group_children=0&#038;req_children=0&#038;hpos=1&#038;hapos=1&#038;sr_order=price&#038;nflt=roomfacility%3D38%3Bht_id%3D201%3Bht_id%3D204%3Bht_id%3D216%3Bht_id%3D222%3Bht_id%3D208%3Bht_id%3D220&#038;srpvid=69ea5a90849103a1&#038;srepoch=1689511969&#038;all_sr_blocks=300364601_118134009_2_0_0&#038;highlighted_blocks=300364601_118134009_2_0_0&#038;matching_block_id=300364601_118134009_2_0_0&#038;sr_pri_blocks=300364601_118134009_2_0_0__30920\">tutaj<\/a><\/p>\n<p>Ca\u0142kowity koszt tej przygody to jedyne 1994 z\u0142. Cena nie zawiera transfer\u00f3w<\/p>\n<p>\u017byczymy udanej podr\u00f3\u017cy!<\/p>\n","protected":false},"excerpt":{"rendered":"<p>Proponujemy Ci fantastyczn\u0105 wycieczk\u0119 do Bruksela z wylotem z WAW Nasz kraj opu\u015bcisz lotem WAW &#8211; CRL lini\u0105 Wizz Air w dniu 18.09.2023, a wr\u00f3cisz lotem CRL &#8211; WAW lini\u0105 Wizz Air w dniu 24.09.2023 Za loty zap\u0142acisz jedyne 308.0 za osob\u0119! Jako hotel proponujemy Ci Private Studio Brussels Airport. To wyj\u0105tkowy hotel oceniany na&hellip;&nbsp;<a href=\"https:\/\/trips.dev.wmsdev.pl\/?p=45\" class=\"\" rel=\"bookmark\">Read More &raquo;<span class=\"screen-reader-text\">6 dni w Bruksela za 997 z\u0142 na osob\u0119!<\/span><\/a><\/p>\n","protected":false},"author":2,"featured_media":0,"comment_status":"open","ping_status":"open","sticky":false,"template":"","format":"standard","meta":{"neve_meta_sidebar":"","neve_meta_container":"","neve_meta_enable_content_width":"","neve_meta_content_width":0,"neve_meta_title_alignment":"","neve_meta_author_avatar":"","neve_post_elements_order":"","neve_meta_disable_header":"","neve_meta_disable_footer":"","neve_meta_disable_title":"","footnotes":""},"categories":[],"tags":[],"_links":{"self":[{"href":"https:\/\/trips.dev.wmsdev.pl\/index.php?rest_route=\/wp\/v2\/posts\/45"}],"collection":[{"href":"https:\/\/trips.dev.wmsdev.pl\/index.php?rest_route=\/wp\/v2\/posts"}],"about":[{"href":"https:\/\/trips.dev.wmsdev.pl\/index.php?rest_route=\/wp\/v2\/types\/post"}],"author":[{"embeddable":true,"href":"https:\/\/trips.dev.wmsdev.pl\/index.php?rest_route=\/wp\/v2\/users\/2"}],"replies":[{"embeddable":true,"href":"https:\/\/trips.dev.wmsdev.pl\/index.php?rest_route=%2Fwp%2Fv2%2Fcomments&post=45"}],"version-history":[{"count":0,"href":"https:\/\/trips.dev.wmsdev.pl\/index.php?rest_route=\/wp\/v2\/posts\/45\/revisions"}],"wp:attachment":[{"href":"https:\/\/trips.dev.wmsdev.pl\/index.php?rest_route=%2Fwp%2Fv2%2Fmedia&parent=45"}],"wp:term":[{"taxonomy":"category","embeddable":true,"href":"https:\/\/trips.dev.wmsdev.pl\/index.php?rest_route=%2Fwp%2Fv2%2Fcategories&post=45"},{"taxonomy":"post_tag","embeddable":true,"href":"https:\/\/trips.dev.wmsdev.pl\/index.php?rest_route=%2Fwp%2Fv2%2Ftags&post=45"}],"curies":[{"name":"wp","href":"https:\/\/api.w.org\/{rel}","templated":true}]}}